{"id":6139,"date":"2024-10-14T12:49:40","date_gmt":"2024-10-14T12:49:40","guid":{"rendered":"https:\/\/www.ca-autofinance.ch\/?post_type=news&#038;p=6139"},"modified":"2024-10-14T12:49:41","modified_gmt":"2024-10-14T12:49:41","slug":"mondial-de-lauto-di-parigi-credit-agricole-auto-banke-drivalia-insieme-per-il-futuro-della-mobilita","status":"publish","type":"news","link":"https:\/\/www.ca-autofinance.ch\/it\/news\/mondial-de-lauto-di-parigi-credit-agricole-auto-banke-drivalia-insieme-per-il-futuro-della-mobilita\/","title":{"rendered":"Mondial de l&#8217;Auto di Parigi: Cr\u00e9dit Agricole Auto Banke Drivalia insieme per il futuro della mobilit\u00e0"},"content":{"rendered":"\n        <div\n            id=\"block_3638f79a-ac15-4160-9784-a6d8219d8fcf\"\n            class=\"wp-block rich-text-block rich-text-block-bg-transparent \"\n                    >\n\n        \n<div class=\"cms-txt\"><ul>\n<li><strong>Dal 14 al 20 ottobre le due aziende, che fanno parte del Gruppo CA Personal Finance &amp; Mobility, saranno presenti al prestigioso Salone con uno stand di 650 mq nella Hall 4.<\/strong><\/li>\n<li><strong>Saranno esposti cinque modelli completamente elettrici dei brand partner GAC Motor, Tesla, Dongfeng, MG Motor e Cadillac, con cui il gruppo francese ha stretto importanti partnership commerciali e joint venture in Europa e Asia.<\/strong><\/li>\n<li><strong>\u200b\u200bPresso lo stand sar\u00e0 svelato il Green Garage di Drivalia: una sala speciale dove i visitatori potranno testare una piattaforma interattiva che consente loro di creare il veicolo elettrico dei loro sogni utilizzando l&#8217;intelligenza artificiale.<\/strong><\/li>\n<li><strong>Da marted\u00ec 15 a venerd\u00ec 18 si terranno, presso lo stand, diverse conferenze aperte al pubblico per discutere della mobilit\u00e0 elettrica di domani con economisti, ingegneri, ONG, costruttori, operatori del settore energetico, ecc.<\/strong><\/li>\n<\/ul>\n<p>CA Auto Bank e Drivalia saranno presenti con uno <strong>stand di 650 mq presso la Hall 4<\/strong>, insieme a <strong>Cr\u00e9dit Agricole Personal Finance &amp; Mobility<\/strong>, azionista al 100% delle due societ\u00e0. Con la sua presenza all&#8217;evento, CA Personal Finance &amp; Mobility vuole riaffermare, insieme alle sue controllate, la sua ambizione di essere un leader europeo della mobilit\u00e0 elettrica, in grado di rispondere ai nuovi trend della mobilit\u00e0 e alle sfide della transizione energetica.<\/p>\n<\/div>\n\n\n        <\/div>\n    \n\n\n        <div\n            id=\"block_09920302-b1eb-4d27-aab1-51a51b9401e5\"\n            class=\"wp-block highlight-text-block innerfriendly \"\n                    >\n\n        \n<p class=\"content-inner-friendly\n        text-weight-light\n        text-lh-small\n        text-green\"\n>\nNell\u2019area espositiva saranno esposti <strong>cinque modelli <em>full electric<\/em> <\/strong>di brand partner: una<strong> GAC \u200b\u200bAion Hyptec SSR<\/strong>, una<strong> Tesla Model 3 Performance<\/strong>, una<strong> Dongfeng MHero 1<\/strong>, una<strong> MG Cyberster <\/strong>e una<strong> Cadillac Lyriq<\/strong>, con i quali il Gruppo francese e le sue controllate \u2013 CA Auto Bank, Drivalia e Agilauto, presente anch\u2019essa allo stand \u2013 hanno stretto importanti collaborazioni commerciali e joint-venture in Europa e Asia.<\/p>\n\n\n        <\/div>\n    \n\n\n\n\n\n\n        <div\n            id=\"block_732275a2-fcec-4c12-bed2-7ea8dcb90329\"\n            class=\"wp-block rich-text-block rich-text-block-bg-transparent \"\n                    >\n\n        \n<div class=\"cms-txt\"><p>L\u2019ampio stand sar\u00e0 teatro di un ricco calendario di attivit\u00e0 e incontri, inclusa un\u2019<strong>iniziativa speciale basata sull\u2019intelligenza artificiale: il Green Garage di Drivalia<\/strong>, presentato in anteprima al Salone. Grazie a un sistema avanzato basato sull&#8217;IA, il Green Garage permette agli utenti di generare una versione digitale della propria \u201cauto dei sogni\u201d, rispondendo a una serie di domande personalizzate. Dopo aver configurato la propria auto ideale, l&#8217;utente ricever\u00e0 una selezione di offerte di noleggio di veicoli elettrici reali, provenienti dalla flotta Drivalia, che pi\u00f9 si avvicinano al modello immaginato.<\/p>\n<p>Il Green Garage di Drivalia include una vasta gamma di veicoli elettrici, pensati per soddisfare ogni esigenza di mobilit\u00e0: dai brand pi\u00f9 iconici e consolidati come Tesla, Mazda, Audi e Lotus, fino ai marchi pi\u00f9 recenti come BYD, Dongfeng e Omoda, offrendo modelli che spaziano dalle agili citycar (come MG 4 full electric e BYD Atto 3) alle berline (tra cui Tesla Model 3 e Polestar 2), passando per SUV (come Tesla Model Y e Cadillac Lyriq), fino a modelli luxury (come Porsche Taycan, Lotus Emeya, Voyah Dream e Dongfeng MHero 1).<\/p>\n<p>Pensato per avvicinare gli utenti alla mobilit\u00e0 sostenibile in modo coinvolgente e interattivo, il Green Garage sar\u00e0 successivamente reso disponibile sui siti ufficiali Drivalia, offrendo a un pubblico ancora pi\u00f9 ampio l&#8217;opportunit\u00e0 di vivere un\u2019esperienza unica nel suo genere, tra desiderio e realt\u00e0.<\/p>\n<p><strong><em>7 conferenze per dare forma al futuro della mobilit\u00e0 elettrica<\/em><\/strong><\/p>\n<p>Da luned\u00ec 14 ottobre a venerd\u00ec 18 ottobre, sono in programma sette conferenze presso lo stand per affrontare la mobilit\u00e0 elettrica da ogni angolazione insieme a diversi ospiti. Queste conferenze saranno accessibili a tutti i visitatori della fiera:<\/p>\n<ul>\n<li>Luned\u00ec 14 ottobre dalle 15:00 alle 15:30 \u2013 <strong>Presentazione del catalogo CA Mobility Services<\/strong> (consegne, garanzie, stazioni di ricarica, car sharing, ecc.).<\/li>\n<li>Marted\u00ec 15 ottobre dalle 14:00 alle 14:45 \u2013 Conferenza <strong>&#8220;Siamo pronti per un futuro 100% elettrico?&#8221;<\/strong> con Virginie Boutueil, ricercatrice in socioeconomia della mobilit\u00e0, e Bernard Jullien, accademico ed economista.<\/li>\n<li>Mercoled\u00ec 16 ottobre dalle 10:30 alle 11:00 \u2013 Conferenza <strong>&#8220;Veicolo elettrico: distinguiamo le verit\u00e0 dalle menzogne&#8221;<\/strong> con Antoine Herteman, presidente di Av\u00e8re, Julien Robert, vicepresidente vendite e rete di Saic Motor France, e Leo Larivi\u00e8re dell&#8217;ONG Transport &amp; Environment.<\/li>\n<li>Mercoled\u00ec 16 ottobre dalle 11:30 alle 12:00 \u2013 Conferenza <strong>&#8220;La corrente passa: quando l&#8217;elettrico reinventa il piacere di guida&#8221; <\/strong>con Nicolas Meunier e Lionel Robert, giornalisti automobilistici.<\/li>\n<li>Gioved\u00ec 17 ottobre dalle 13:30 alle 14:00 \u2013 Conferenza <strong>&#8220;Citt\u00e0, campagna, quale geografia per l&#8217;elettrico?&#8221;<\/strong> con Marc Mortureux, direttore generale della PFA, e Olivier Dubois, direttore della mobilit\u00e0 elettrica di EDF.<\/li>\n<li>Gioved\u00ec 17 ottobre dalle 14:15 alle 14:45 \u2013 Conferenza <strong>&#8220;Il passaggio all&#8217;elettrico: un&#8217;opportunit\u00e0 per l&#8217;accessibilit\u00e0?&#8221; <\/strong>con Charlotte de Vilmorin, Chief Public Affairs Officer di Newav, e Pierre Folliot, CEO di Newav.<\/li>\n<li>Venerd\u00ec 18 ottobre dalle 14:00 alle 14:30 \u2013 Conferenza <strong>&#8220;Impresa: anello chiave nell&#8217;elettrificazione&#8221;<\/strong> con Leo Larivi\u00e8re dell&#8217;ONG Transport &amp; Environment, e Pascal Pavard, responsabile della flotta veicoli EDF.<\/li>\n<\/ul>\n<p><a href=\"https:\/\/interview.credit-agricole.fr\/ca-interview\/itw\/answer\/s\/s1rwi83ngo\/k\/CAMobilitykeynotes\">Link per l&#8217;iscrizione<\/a><\/p>\n<p>Conferenza stampa presso lo stand CA Mobility (Padiglione 4 \u2013 A41) il 14 ottobre dalle 12:15 alle 12:30.<\/p>\n<\/div>\n\n\n        <\/div>\n    \n\n\n        <div\n            id=\"block_86b557fe-1e80-4591-afbc-261261baad06\"\n            class=\"wp-block file-download-block \"\n                    >\n\n        \n<div class=\"file-download-block--container\">\n            \n\n    <div class=\"file-download\">\n        <a\n            href=\"https:\/\/www.ca-autofinance.ch\/wp-content\/uploads\/sites\/14\/2024\/10\/Mondial-de-lAuto-di-Parigi_Credit-Agricole-Auto-Bank.pdf\"\n            target=\"_blank\"\n            class=\"\"\n            title=\"Scarica Mondial de l'Auto di Parigi: Cr\u00e9dit Agricole Auto Bank  e Drivalia insieme per il futuro della mobilit\u00e0 \"\n        >\n\n            \n            <div><strong>Mondial de l&#8217;Auto di Parigi: Cr\u00e9dit Agricole Auto Bank  e Drivalia insieme per il futuro della mobilit\u00e0 <\/strong><\/div>\n\n                    <\/a>\n                <div class=\"file-download__option\">\n            <div class=\"file-view-icon\">\n                <a\n                    href=\"https:\/\/www.ca-autofinance.ch\/wp-content\/uploads\/sites\/14\/2024\/10\/Mondial-de-lAuto-di-Parigi_Credit-Agricole-Auto-Bank.pdf\"\n                    target=\"_blank\"\n                    title=\"Visualizza Mondial de l'Auto di Parigi: Cr\u00e9dit Agricole Auto Bank  e Drivalia insieme per il futuro della mobilit\u00e0 \"\n                >\n                    Visualizza                    <img decoding=\"async\"\n                        src=\"https:\/\/www.ca-autofinance.ch\/wp-content\/themes\/CAAB\/assets\/img\/icons\/view-file.svg\"\n                        alt=\"\"\n                    \/>\n                <\/a>\n            <\/div>\n            <div class=\"file-download-icon\">\n                <a\n                    href=\"https:\/\/www.ca-autofinance.ch\/wp-content\/uploads\/sites\/14\/2024\/10\/Mondial-de-lAuto-di-Parigi_Credit-Agricole-Auto-Bank.pdf\"\n                    download\n                    target=\"_blank\"\n                    title=\"Scarica Mondial de l'Auto di Parigi: Cr\u00e9dit Agricole Auto Bank  e Drivalia insieme per il futuro della mobilit\u00e0 \"\"\n                >\n                    Scarica                    <img decoding=\"async\"\n                        src=\"https:\/\/www.ca-autofinance.ch\/wp-content\/themes\/CAAB\/assets\/img\/icons\/download.svg\"\n                        alt=\"\"\n                    \/>\n                <\/a>\n            <\/div>\n        <\/div>\n        \n    <\/div>\n\n<\/div>\n        <\/div>\n    \n\n\n\n","protected":false},"excerpt":{"rendered":"<p>Dal 14 al 20 ottobre si svolger\u00e0 il Mondial de l&#8217;Auto di Parigi, uno degli eventi pi\u00f9 prestigiosi del panorama automotive europeo, giunto alla 90\u00b0 edizione. Il Salone vedr\u00e0 la partecipazione di Cr\u00e9dit Agricole Auto Bank e della sua societ\u00e0 di noleggio e mobilit\u00e0 Drivalia, a conferma della volont\u00e0 di porsi come top player internazionale dei servizi dedicati alla nuova mobilit\u00e0<\/p>\n","protected":false},"author":35,"featured_media":6148,"template":"","meta":{"_acf_changed":false,"_relevanssi_hide_post":"","_relevanssi_hide_content":"","_relevanssi_pin_for_all":"","_relevanssi_pin_keywords":"","_relevanssi_unpin_keywords":"","_relevanssi_related_keywords":"","_relevanssi_related_include_ids":"","_relevanssi_related_exclude_ids":"","_relevanssi_related_no_append":"","_relevanssi_related_not_related":"","_relevanssi_related_posts":"","_relevanssi_noindex_reason":"","footnotes":""},"news_category":[],"class_list":["post-6139","news","type-news","status-publish","has-post-thumbnail","hentry"],"acf":[],"yoast_head":"<!-- This site is optimized with the Yoast SEO plugin v26.2 - https:\/\/yoast.com\/wordpress\/plugins\/seo\/ -->\n<title>Mondial de l&#039;Auto di Parigi: Cr\u00e9dit Agricole Auto Banke Drivalia insieme per il futuro della mobilit\u00e0 - CA Auto Finance Suisse SA<\/title>\n<meta name=\"robots\" content=\"index, follow, max-snippet:-1, max-image-preview:large, max-video-preview:-1\" \/>\n<link rel=\"canonical\" href=\"https:\/\/www.ca-autofinance.ch\/it\/news\/mondial-de-lauto-di-parigi-credit-agricole-auto-banke-drivalia-insieme-per-il-futuro-della-mobilita\/\" \/>\n<meta property=\"og:locale\" content=\"it_IT\" \/>\n<meta property=\"og:type\" content=\"article\" \/>\n<meta property=\"og:title\" content=\"Mondial de l&#039;Auto di Parigi: Cr\u00e9dit Agricole Auto Banke Drivalia insieme per il futuro della mobilit\u00e0 - CA Auto Finance Suisse SA\" \/>\n<meta property=\"og:description\" content=\"Dal 14 al 20 ottobre si svolger\u00e0 il Mondial de l&#039;Auto di Parigi, uno degli eventi pi\u00f9 prestigiosi del panorama automotive europeo, giunto alla 90\u00b0 edizione. Il Salone vedr\u00e0 la partecipazione di Cr\u00e9dit Agricole Auto Bank e della sua societ\u00e0 di noleggio e mobilit\u00e0 Drivalia, a conferma della volont\u00e0 di porsi come top player internazionale dei servizi dedicati alla nuova mobilit\u00e0\" \/>\n<meta property=\"og:url\" content=\"https:\/\/www.ca-autofinance.ch\/it\/news\/mondial-de-lauto-di-parigi-credit-agricole-auto-banke-drivalia-insieme-per-il-futuro-della-mobilita\/\" \/>\n<meta property=\"og:site_name\" content=\"CA Auto Finance Suisse SA\" \/>\n<meta property=\"article:modified_time\" content=\"2024-10-14T12:49:41+00:00\" \/>\n<meta property=\"og:image\" content=\"https:\/\/www.ca-autofinance.ch\/wp-content\/uploads\/sites\/14\/2024\/10\/1536x930.jpg\" \/>\n\t<meta property=\"og:image:width\" content=\"1536\" \/>\n\t<meta property=\"og:image:height\" content=\"930\" \/>\n\t<meta property=\"og:image:type\" content=\"image\/jpeg\" \/>\n<meta name=\"twitter:card\" content=\"summary_large_image\" \/>\n<meta name=\"twitter:label1\" content=\"Tempo di lettura stimato\" \/>\n\t<meta name=\"twitter:data1\" content=\"1 minuto\" \/>\n<script type=\"application\/ld+json\" class=\"yoast-schema-graph\">{\"@context\":\"https:\/\/schema.org\",\"@graph\":[{\"@type\":\"WebPage\",\"@id\":\"https:\/\/www.ca-autofinance.ch\/it\/news\/mondial-de-lauto-di-parigi-credit-agricole-auto-banke-drivalia-insieme-per-il-futuro-della-mobilita\/\",\"url\":\"https:\/\/www.ca-autofinance.ch\/it\/news\/mondial-de-lauto-di-parigi-credit-agricole-auto-banke-drivalia-insieme-per-il-futuro-della-mobilita\/\",\"name\":\"Mondial de l'Auto di Parigi: Cr\u00e9dit Agricole Auto Banke Drivalia insieme per il futuro della mobilit\u00e0 - CA Auto Finance Suisse SA\",\"isPartOf\":{\"@id\":\"https:\/\/www.ca-autofinance.ch\/it\/#website\"},\"primaryImageOfPage\":{\"@id\":\"https:\/\/www.ca-autofinance.ch\/it\/news\/mondial-de-lauto-di-parigi-credit-agricole-auto-banke-drivalia-insieme-per-il-futuro-della-mobilita\/#primaryimage\"},\"image\":{\"@id\":\"https:\/\/www.ca-autofinance.ch\/it\/news\/mondial-de-lauto-di-parigi-credit-agricole-auto-banke-drivalia-insieme-per-il-futuro-della-mobilita\/#primaryimage\"},\"thumbnailUrl\":\"https:\/\/www.ca-autofinance.ch\/wp-content\/uploads\/sites\/14\/2024\/10\/1536x930.jpg\",\"datePublished\":\"2024-10-14T12:49:40+00:00\",\"dateModified\":\"2024-10-14T12:49:41+00:00\",\"breadcrumb\":{\"@id\":\"https:\/\/www.ca-autofinance.ch\/it\/news\/mondial-de-lauto-di-parigi-credit-agricole-auto-banke-drivalia-insieme-per-il-futuro-della-mobilita\/#breadcrumb\"},\"inLanguage\":\"it-IT\",\"potentialAction\":[{\"@type\":\"ReadAction\",\"target\":[\"https:\/\/www.ca-autofinance.ch\/it\/news\/mondial-de-lauto-di-parigi-credit-agricole-auto-banke-drivalia-insieme-per-il-futuro-della-mobilita\/\"]}]},{\"@type\":\"ImageObject\",\"inLanguage\":\"it-IT\",\"@id\":\"https:\/\/www.ca-autofinance.ch\/it\/news\/mondial-de-lauto-di-parigi-credit-agricole-auto-banke-drivalia-insieme-per-il-futuro-della-mobilita\/#primaryimage\",\"url\":\"https:\/\/www.ca-autofinance.ch\/wp-content\/uploads\/sites\/14\/2024\/10\/1536x930.jpg\",\"contentUrl\":\"https:\/\/www.ca-autofinance.ch\/wp-content\/uploads\/sites\/14\/2024\/10\/1536x930.jpg\",\"width\":1536,\"height\":930},{\"@type\":\"BreadcrumbList\",\"@id\":\"https:\/\/www.ca-autofinance.ch\/it\/news\/mondial-de-lauto-di-parigi-credit-agricole-auto-banke-drivalia-insieme-per-il-futuro-della-mobilita\/#breadcrumb\",\"itemListElement\":[{\"@type\":\"ListItem\",\"position\":1,\"name\":\"Home\",\"item\":\"https:\/\/www.ca-autofinance.ch\/it\/\"},{\"@type\":\"ListItem\",\"position\":2,\"name\":\"News\",\"item\":\"https:\/\/www.ca-autofinance.ch\/it\/news\/\"},{\"@type\":\"ListItem\",\"position\":3,\"name\":\"Mondial de l&#8217;Auto di Parigi: Cr\u00e9dit Agricole Auto Banke Drivalia insieme per il futuro della mobilit\u00e0\"}]},{\"@type\":\"WebSite\",\"@id\":\"https:\/\/www.ca-autofinance.ch\/it\/#website\",\"url\":\"https:\/\/www.ca-autofinance.ch\/it\/\",\"name\":\"CA Auto Finance Suisse SA\",\"description\":\"\",\"publisher\":{\"@id\":\"https:\/\/www.ca-autofinance.ch\/it\/#organization\"},\"potentialAction\":[{\"@type\":\"SearchAction\",\"target\":{\"@type\":\"EntryPoint\",\"urlTemplate\":\"https:\/\/www.ca-autofinance.ch\/it\/?s={search_term_string}\"},\"query-input\":{\"@type\":\"PropertyValueSpecification\",\"valueRequired\":true,\"valueName\":\"search_term_string\"}}],\"inLanguage\":\"it-IT\"},{\"@type\":\"Organization\",\"@id\":\"https:\/\/www.ca-autofinance.ch\/it\/#organization\",\"name\":\"CA Auto Finance Suisse SA\",\"url\":\"https:\/\/www.ca-autofinance.ch\/it\/\",\"logo\":{\"@type\":\"ImageObject\",\"inLanguage\":\"it-IT\",\"@id\":\"https:\/\/www.ca-autofinance.ch\/it\/#\/schema\/logo\/image\/\",\"url\":\"https:\/\/www.ca-autofinance.ch\/wp-content\/uploads\/sites\/14\/2023\/04\/LOGO-CA-AUTO-FINANCE_696x696.png\",\"contentUrl\":\"https:\/\/www.ca-autofinance.ch\/wp-content\/uploads\/sites\/14\/2023\/04\/LOGO-CA-AUTO-FINANCE_696x696.png\",\"width\":696,\"height\":696,\"caption\":\"CA Auto Finance Suisse SA\"},\"image\":{\"@id\":\"https:\/\/www.ca-autofinance.ch\/it\/#\/schema\/logo\/image\/\"}}]}<\/script>\n<!-- \/ Yoast SEO plugin. -->","yoast_head_json":{"title":"Mondial de l'Auto di Parigi: Cr\u00e9dit Agricole Auto Banke Drivalia insieme per il futuro della mobilit\u00e0 - CA Auto Finance Suisse SA","robots":{"index":"index","follow":"follow","max-snippet":"max-snippet:-1","max-image-preview":"max-image-preview:large","max-video-preview":"max-video-preview:-1"},"canonical":"https:\/\/www.ca-autofinance.ch\/it\/news\/mondial-de-lauto-di-parigi-credit-agricole-auto-banke-drivalia-insieme-per-il-futuro-della-mobilita\/","og_locale":"it_IT","og_type":"article","og_title":"Mondial de l'Auto di Parigi: Cr\u00e9dit Agricole Auto Banke Drivalia insieme per il futuro della mobilit\u00e0 - CA Auto Finance Suisse SA","og_description":"Dal 14 al 20 ottobre si svolger\u00e0 il Mondial de l'Auto di Parigi, uno degli eventi pi\u00f9 prestigiosi del panorama automotive europeo, giunto alla 90\u00b0 edizione. Il Salone vedr\u00e0 la partecipazione di Cr\u00e9dit Agricole Auto Bank e della sua societ\u00e0 di noleggio e mobilit\u00e0 Drivalia, a conferma della volont\u00e0 di porsi come top player internazionale dei servizi dedicati alla nuova mobilit\u00e0","og_url":"https:\/\/www.ca-autofinance.ch\/it\/news\/mondial-de-lauto-di-parigi-credit-agricole-auto-banke-drivalia-insieme-per-il-futuro-della-mobilita\/","og_site_name":"CA Auto Finance Suisse SA","article_modified_time":"2024-10-14T12:49:41+00:00","og_image":[{"width":1536,"height":930,"url":"https:\/\/www.ca-autofinance.ch\/wp-content\/uploads\/sites\/14\/2024\/10\/1536x930.jpg","type":"image\/jpeg"}],"twitter_card":"summary_large_image","twitter_misc":{"Tempo di lettura stimato":"1 minuto"},"schema":{"@context":"https:\/\/schema.org","@graph":[{"@type":"WebPage","@id":"https:\/\/www.ca-autofinance.ch\/it\/news\/mondial-de-lauto-di-parigi-credit-agricole-auto-banke-drivalia-insieme-per-il-futuro-della-mobilita\/","url":"https:\/\/www.ca-autofinance.ch\/it\/news\/mondial-de-lauto-di-parigi-credit-agricole-auto-banke-drivalia-insieme-per-il-futuro-della-mobilita\/","name":"Mondial de l'Auto di Parigi: Cr\u00e9dit Agricole Auto Banke Drivalia insieme per il futuro della mobilit\u00e0 - CA Auto Finance Suisse SA","isPartOf":{"@id":"https:\/\/www.ca-autofinance.ch\/it\/#website"},"primaryImageOfPage":{"@id":"https:\/\/www.ca-autofinance.ch\/it\/news\/mondial-de-lauto-di-parigi-credit-agricole-auto-banke-drivalia-insieme-per-il-futuro-della-mobilita\/#primaryimage"},"image":{"@id":"https:\/\/www.ca-autofinance.ch\/it\/news\/mondial-de-lauto-di-parigi-credit-agricole-auto-banke-drivalia-insieme-per-il-futuro-della-mobilita\/#primaryimage"},"thumbnailUrl":"https:\/\/www.ca-autofinance.ch\/wp-content\/uploads\/sites\/14\/2024\/10\/1536x930.jpg","datePublished":"2024-10-14T12:49:40+00:00","dateModified":"2024-10-14T12:49:41+00:00","breadcrumb":{"@id":"https:\/\/www.ca-autofinance.ch\/it\/news\/mondial-de-lauto-di-parigi-credit-agricole-auto-banke-drivalia-insieme-per-il-futuro-della-mobilita\/#breadcrumb"},"inLanguage":"it-IT","potentialAction":[{"@type":"ReadAction","target":["https:\/\/www.ca-autofinance.ch\/it\/news\/mondial-de-lauto-di-parigi-credit-agricole-auto-banke-drivalia-insieme-per-il-futuro-della-mobilita\/"]}]},{"@type":"ImageObject","inLanguage":"it-IT","@id":"https:\/\/www.ca-autofinance.ch\/it\/news\/mondial-de-lauto-di-parigi-credit-agricole-auto-banke-drivalia-insieme-per-il-futuro-della-mobilita\/#primaryimage","url":"https:\/\/www.ca-autofinance.ch\/wp-content\/uploads\/sites\/14\/2024\/10\/1536x930.jpg","contentUrl":"https:\/\/www.ca-autofinance.ch\/wp-content\/uploads\/sites\/14\/2024\/10\/1536x930.jpg","width":1536,"height":930},{"@type":"BreadcrumbList","@id":"https:\/\/www.ca-autofinance.ch\/it\/news\/mondial-de-lauto-di-parigi-credit-agricole-auto-banke-drivalia-insieme-per-il-futuro-della-mobilita\/#breadcrumb","itemListElement":[{"@type":"ListItem","position":1,"name":"Home","item":"https:\/\/www.ca-autofinance.ch\/it\/"},{"@type":"ListItem","position":2,"name":"News","item":"https:\/\/www.ca-autofinance.ch\/it\/news\/"},{"@type":"ListItem","position":3,"name":"Mondial de l&#8217;Auto di Parigi: Cr\u00e9dit Agricole Auto Banke Drivalia insieme per il futuro della mobilit\u00e0"}]},{"@type":"WebSite","@id":"https:\/\/www.ca-autofinance.ch\/it\/#website","url":"https:\/\/www.ca-autofinance.ch\/it\/","name":"CA Auto Finance Suisse SA","description":"","publisher":{"@id":"https:\/\/www.ca-autofinance.ch\/it\/#organization"},"potentialAction":[{"@type":"SearchAction","target":{"@type":"EntryPoint","urlTemplate":"https:\/\/www.ca-autofinance.ch\/it\/?s={search_term_string}"},"query-input":{"@type":"PropertyValueSpecification","valueRequired":true,"valueName":"search_term_string"}}],"inLanguage":"it-IT"},{"@type":"Organization","@id":"https:\/\/www.ca-autofinance.ch\/it\/#organization","name":"CA Auto Finance Suisse SA","url":"https:\/\/www.ca-autofinance.ch\/it\/","logo":{"@type":"ImageObject","inLanguage":"it-IT","@id":"https:\/\/www.ca-autofinance.ch\/it\/#\/schema\/logo\/image\/","url":"https:\/\/www.ca-autofinance.ch\/wp-content\/uploads\/sites\/14\/2023\/04\/LOGO-CA-AUTO-FINANCE_696x696.png","contentUrl":"https:\/\/www.ca-autofinance.ch\/wp-content\/uploads\/sites\/14\/2023\/04\/LOGO-CA-AUTO-FINANCE_696x696.png","width":696,"height":696,"caption":"CA Auto Finance Suisse SA"},"image":{"@id":"https:\/\/www.ca-autofinance.ch\/it\/#\/schema\/logo\/image\/"}}]}},"_links":{"self":[{"href":"https:\/\/www.ca-autofinance.ch\/it\/wp-json\/wp\/v2\/news\/6139","targetHints":{"allow":["GET"]}}],"collection":[{"href":"https:\/\/www.ca-autofinance.ch\/it\/wp-json\/wp\/v2\/news"}],"about":[{"href":"https:\/\/www.ca-autofinance.ch\/it\/wp-json\/wp\/v2\/types\/news"}],"author":[{"embeddable":true,"href":"https:\/\/www.ca-autofinance.ch\/it\/wp-json\/wp\/v2\/users\/35"}],"version-history":[{"count":4,"href":"https:\/\/www.ca-autofinance.ch\/it\/wp-json\/wp\/v2\/news\/6139\/revisions"}],"predecessor-version":[{"id":6144,"href":"https:\/\/www.ca-autofinance.ch\/it\/wp-json\/wp\/v2\/news\/6139\/revisions\/6144"}],"wp:featuredmedia":[{"embeddable":true,"href":"https:\/\/www.ca-autofinance.ch\/it\/wp-json\/wp\/v2\/media\/6148"}],"wp:attachment":[{"href":"https:\/\/www.ca-autofinance.ch\/it\/wp-json\/wp\/v2\/media?parent=6139"}],"wp:term":[{"taxonomy":"news_category","embeddable":true,"href":"https:\/\/www.ca-autofinance.ch\/it\/wp-json\/wp\/v2\/news_category?post=6139"}],"curies":[{"name":"wp","href":"https:\/\/api.w.org\/{rel}","templated":true}]}}